{"id":620,"date":"2019-12-27T14:36:05","date_gmt":"2019-12-27T13:36:05","guid":{"rendered":"https:\/\/websurvey.cide.univr.it\/wpmpm\/?p=620"},"modified":"2020-01-03T11:46:26","modified_gmt":"2020-01-03T10:46:26","slug":"i-nuovi-diplomati-del-master-mpm-tra-industry-4-0-ed-eventi-internazionali","status":"publish","type":"post","link":"https:\/\/websurvey.cide.univr.it\/wpmpm\/620-i-nuovi-diplomati-del-master-mpm-tra-industry-4-0-ed-eventi-internazionali\/","title":{"rendered":"I nuovi diplomati del Master MPM tra Industry 4.0 ed eventi internazionali"},"content":{"rendered":"<p><strong>Alta formazione manageriale: i nuovi diplomati del Master MPM tra Industry 4.0 ed eventi internazionali<\/strong><\/p>\n<p>Nuovi venti diplomati del\u00a0master\u00a0Universitario di 1\u00b0 livello dedicato all\u2019alta formazione in project management. Ieri, gioved\u00ec 19 dicembre, durante l\u2019assemblea annuale dell\u2019Ordine degli Ingegneri sono stati consegnati i diplomi ai venti allievi che vanno ad aggiungersi agli oltre 150 project manager gi\u00e0 formati.<\/p>\n<p>Il percorso partito dall\u2019Universit\u00e0 di Verona, giunto alla sua\u00a0<strong>XI edizione<\/strong>\u00a0\u00e8\u00a0<strong>rivolto<\/strong>\u00a0sia ai\u00a0<strong>giovani laureati<\/strong>\u00a0che da subito vengono inseriti in azienda grazie a stage retribuiti e sia a\u00a0<strong>professionisti\u00a0<\/strong>che gi\u00e0 lavorano ma che hanno l\u2019esigenza di aumentare le proprie competenze. Questo accade perch\u00e9 ad oggi, la figura del\u00a0<strong>project manager<\/strong>, oltre ad essere\u00a0<strong>tra le pi\u00f9 richieste dal mercato del lavoro<\/strong>, concentra competenze eterogenee e trasversali ed \u00e8 in grado di\u00a0<strong>coordinare professionisti<\/strong>\u00a0diversi con un\u00a0<strong>orientamento al risultato\u00a0<\/strong>e alla\u00a0<strong>gestione totale del progetto<\/strong>. \u201cL\u2019obiettivo del\u00a0master\u00a0\u00e8 quello di creare figure in grado di realizzare progetti complessi all\u2019interno di una azienda \u2013 ha spiegato\u00a0<strong>Alberto Roveda<\/strong>\u00a0direttore del\u00a0Master\u00a0MPM\u00a0dell\u2019Universit\u00e0 degli studi di Verona \u2013 In un mondo del lavoro che sta diventando sempre pi\u00f9 tecnologico vede la richiesta di quelle figure un grado di risolvere problemi e difficolt\u00e0 di gestione delle innovazioni. \u00c8 importante dunque riuscire a formare professionisti che siano in grado di realizzare progetti seguendo quelle che sono anche le strategie aziendali\u201d.\u00a0 A tal proposito il rapporto di Unioncamere dal titolo \u201cPrevisioni dei fabbisogni occupazionali e professionali in Italia a medio termine (2019 \u2013 2023)\u201d, stabilisce che la \u201cDigital Trasformation\u201d avr\u00e0 un peso determinante nel caratterizzare i fabbisogni occupazionali dei diversi settori economici, arrivando a coinvolgere circa il 30% dei lavoratori. In particolare, si stima che le imprese ricercheranno tra circa 270.000 e circa 300.000 lavoratori con specifiche competenze connesse a \u201cIndustria 4.0\u201d.<\/p>\n<p>Il percorso formativo\u00a0MPM\u00a0si \u00e8 concluso con la realizzazione di un progetto di gruppo dal taglio internazionale che ha infatti coinvolto una delle tappe di Coppa del Mondo di Sci, la \u201c<strong>Audi FIS Ski World Cup Alta Badia<\/strong>\u201d. Gli allievi del master si sono misurati con la promozione turistica e sportiva durante i giorni della tappa che si \u00ec tenuta lo scorso 22 e 23 dicembre.<\/p>\n<p><iframe loading=\"lazy\" src=\"https:\/\/www.youtube.com\/embed\/fjEbDJhc8mU\" width=\"560\" height=\"315\" frameborder=\"0\" allowfullscreen=\"allowfullscreen\"><\/iframe><\/p>\n","protected":false},"excerpt":{"rendered":"<p>Alta formazione manageriale: i nuovi diplomati del Master MPM tra Industry 4.0 ed eventi internazionali Nuovi venti diplomati del\u00a0master\u00a0Universitario di 1\u00b0 livello dedicato all\u2019alta formazione in project management. Ieri, gioved\u00ec 19 dicembre, durante l\u2019assemblea annuale dell\u2019Ordine degli Ingegneri sono stati <a href=\"https:\/\/websurvey.cide.univr.it\/wpmpm\/620-i-nuovi-diplomati-del-master-mpm-tra-industry-4-0-ed-eventi-internazionali\/\" class=\"read-more\">Read More &#8230;<\/a><\/p>\n","protected":false},"author":1,"featured_media":639,"comment_status":"closed","ping_status":"closed","sticky":false,"template":"","format":"standard","meta":[],"categories":[23],"tags":[],"acf":[],"aioseo_notices":[],"_links":{"self":[{"href":"https:\/\/websurvey.cide.univr.it\/wpmpm\/wp-json\/wp\/v2\/posts\/620"}],"collection":[{"href":"https:\/\/websurvey.cide.univr.it\/wpmpm\/wp-json\/wp\/v2\/posts"}],"about":[{"href":"https:\/\/websurvey.cide.univr.it\/wpmpm\/wp-json\/wp\/v2\/types\/post"}],"author":[{"embeddable":true,"href":"https:\/\/websurvey.cide.univr.it\/wpmpm\/wp-json\/wp\/v2\/users\/1"}],"replies":[{"embeddable":true,"href":"https:\/\/websurvey.cide.univr.it\/wpmpm\/wp-json\/wp\/v2\/comments?post=620"}],"version-history":[{"count":2,"href":"https:\/\/websurvey.cide.univr.it\/wpmpm\/wp-json\/wp\/v2\/posts\/620\/revisions"}],"predecessor-version":[{"id":642,"href":"https:\/\/websurvey.cide.univr.it\/wpmpm\/wp-json\/wp\/v2\/posts\/620\/revisions\/642"}],"wp:featuredmedia":[{"embeddable":true,"href":"https:\/\/websurvey.cide.univr.it\/wpmpm\/wp-json\/wp\/v2\/media\/639"}],"wp:attachment":[{"href":"https:\/\/websurvey.cide.univr.it\/wpmpm\/wp-json\/wp\/v2\/media?parent=620"}],"wp:term":[{"taxonomy":"category","embeddable":true,"href":"https:\/\/websurvey.cide.univr.it\/wpmpm\/wp-json\/wp\/v2\/categories?post=620"},{"taxonomy":"post_tag","embeddable":true,"href":"https:\/\/websurvey.cide.univr.it\/wpmpm\/wp-json\/wp\/v2\/tags?post=620"}],"curies":[{"name":"wp","href":"https:\/\/api.w.org\/{rel}","templated":true}]}}