{"id":363,"date":"2019-02-21T17:31:12","date_gmt":"2019-02-21T16:31:12","guid":{"rendered":"https:\/\/websurvey.cide.univr.it\/wpmpm\/?p=363"},"modified":"2019-07-19T12:51:53","modified_gmt":"2019-07-19T10:51:53","slug":"da-tecnico-esperto-a-project-manager-levoluzione-di-una-professione","status":"publish","type":"post","link":"https:\/\/websurvey.cide.univr.it\/wpmpm\/363-da-tecnico-esperto-a-project-manager-levoluzione-di-una-professione\/","title":{"rendered":"Da tecnico esperto a Project Manager, l&#8217;evoluzione di una professione"},"content":{"rendered":"<p>Non sempre le aziende sanno cosa sia e, cosa ancor pi\u00f9 frequente,<strong> le aziende non sanno di averne bisogno<\/strong>. E&#8217; il <strong>Project Manager<\/strong> che in questi ultimi anni \u00e8 diventata una <strong>figura tra le pi\u00f9 ricercate dalle imprese<\/strong>, da essere &#8216;solo&#8217; un tecnico esperto si \u00e8 passati a una professionalit\u00e0 complessa, ben definita e in costante evoluzione: il Project Manager.\u00a0<strong>Giorgio Beghini<\/strong>, consulente di management e storico <strong>docente del Master<\/strong> MPM in corso all&#8217;Universit\u00e0 degli studi Verona, ha raccontato ai microfoni de<strong> Il Lavoro a 360\u00b0 in onda su Telearena e Telemantova<\/strong>, che mestiere \u00e8 diventato, perch\u00e8 le aziende ne hanno bisogno e quali sono i segnali che le imprese devono cogliere per capire di aver bisogno di trovare un Project Manager.<\/p>\n<p><iframe loading=\"lazy\" title=\"Giorgio Beghini, consulente di management e docente del Master in Project Management dell&#039;Universit&amp;agrave; di Verona\" src=\"https:\/\/player.vimeo.com\/video\/318806905?dnt=1&amp;app_id=122963\" width=\"847\" height=\"476\" frameborder=\"0\" allow=\"autoplay; fullscreen; picture-in-picture\" allowfullscreen><\/iframe><\/p>\n","protected":false},"excerpt":{"rendered":"<p>Non sempre le aziende sanno cosa sia e, cosa ancor pi\u00f9 frequente, le aziende non sanno di averne bisogno. E&#8217; il Project Manager che in questi ultimi anni \u00e8 diventata una figura tra le pi\u00f9 ricercate dalle imprese, da essere <a href=\"https:\/\/websurvey.cide.univr.it\/wpmpm\/363-da-tecnico-esperto-a-project-manager-levoluzione-di-una-professione\/\" class=\"read-more\">Read More &#8230;<\/a><\/p>\n","protected":false},"author":1,"featured_media":364,"comment_status":"closed","ping_status":"closed","sticky":false,"template":"","format":"standard","meta":[],"categories":[23],"tags":[8,11,7,9],"acf":[],"aioseo_notices":[],"_links":{"self":[{"href":"https:\/\/websurvey.cide.univr.it\/wpmpm\/wp-json\/wp\/v2\/posts\/363"}],"collection":[{"href":"https:\/\/websurvey.cide.univr.it\/wpmpm\/wp-json\/wp\/v2\/posts"}],"about":[{"href":"https:\/\/websurvey.cide.univr.it\/wpmpm\/wp-json\/wp\/v2\/types\/post"}],"author":[{"embeddable":true,"href":"https:\/\/websurvey.cide.univr.it\/wpmpm\/wp-json\/wp\/v2\/users\/1"}],"replies":[{"embeddable":true,"href":"https:\/\/websurvey.cide.univr.it\/wpmpm\/wp-json\/wp\/v2\/comments?post=363"}],"version-history":[{"count":2,"href":"https:\/\/websurvey.cide.univr.it\/wpmpm\/wp-json\/wp\/v2\/posts\/363\/revisions"}],"predecessor-version":[{"id":366,"href":"https:\/\/websurvey.cide.univr.it\/wpmpm\/wp-json\/wp\/v2\/posts\/363\/revisions\/366"}],"wp:featuredmedia":[{"embeddable":true,"href":"https:\/\/websurvey.cide.univr.it\/wpmpm\/wp-json\/wp\/v2\/media\/364"}],"wp:attachment":[{"href":"https:\/\/websurvey.cide.univr.it\/wpmpm\/wp-json\/wp\/v2\/media?parent=363"}],"wp:term":[{"taxonomy":"category","embeddable":true,"href":"https:\/\/websurvey.cide.univr.it\/wpmpm\/wp-json\/wp\/v2\/categories?post=363"},{"taxonomy":"post_tag","embeddable":true,"href":"https:\/\/websurvey.cide.univr.it\/wpmpm\/wp-json\/wp\/v2\/tags?post=363"}],"curies":[{"name":"wp","href":"https:\/\/api.w.org\/{rel}","templated":true}]}}